{"id":2156,"date":"2022-03-03T14:21:39","date_gmt":"2022-03-03T13:21:39","guid":{"rendered":"https:\/\/www.hsu-hh.de\/vw\/?p=2156"},"modified":"2022-03-03T14:21:39","modified_gmt":"2022-03-03T13:21:39","slug":"neue-publikation-wsi-mitteilungen-1-2022-schwerpunktheft-ringen-um-beteiligung-und-einfluss-die-vertretung-schwacher-interessen-im-sozialstaat","status":"publish","type":"post","link":"https:\/\/www.hsu-hh.de\/vw\/neue-publikation-wsi-mitteilungen-1-2022-schwerpunktheft-ringen-um-beteiligung-und-einfluss-die-vertretung-schwacher-interessen-im-sozialstaat","title":{"rendered":"Neue Publikation &#8211; WSI-Mitteilungen 1\/2022 Schwerpunktheft &#8222;Ringen um Beteiligung und Einfluss: Die Vertretung schwacher Interessen im Sozialstaat&#8220;"},"content":{"rendered":"\n<p>Reformen des Sozialstaats, ihre Voraussetzungen und Wirkungen sind ein vielfach diskutiertes Thema. Relativ<br>wenig Beachtung findet dabei die Frage, welche und wessen Interessen im sozialpolitischen Reformdiskurs<br>\u00fcberhaupt geh\u00f6rt werden und sich Geltung verschaffen k\u00f6nnen. Das Schwerpunktheft stellt diesen unterbelichteten<br>Aspekt in den Mittelpunkt. Es diskutiert die Organisations- und Konfliktf\u00e4higkeit sogenannter \u201eschwacher<br>Interessen\u201c im Politikfeld Sozialpolitik.<br>Die Ber\u00fccksichtigung schwacher Interessen in der Sozialpolitik ist aus zwei Gr\u00fcnden wichtig: Einerseits um das<br>Sozialstaatsgebot des Grundgesetzes sowie die Ziele sozialer Gerechtigkeit und sozialer Sicherheit zu erf\u00fcllen.<br>Andererseits aus Gr\u00fcnden der Demokratie: Eine dauerhafte Nicht-Beachtung schwacher Interessen in Bezug<br>auf materielle Teilhabe und grundlegende Anerkennung kann zu berechtigter Frustration und einer Abwendung<br>vom politischen System oder dem demokratischen Parteienspektrum f\u00fchren. Die in diesem Heft versammelten<br>Beitr\u00e4ge n\u00e4hern sich dem Thema aus unterschiedlichen Blickwinkeln. \u00dcbergreifend sind die Fragen, wie eine<br>St\u00e4rkung schwacher Interessen gelingen kann, wieviel Selbstvertretung durch Betroffene w\u00fcnschenswert und<br>erfolgversprechend ist und wann die anwaltschaftliche Interessenvertretung durch Dritte sinnvoll erscheint.<\/p>\n\n\n\n<p><\/p>\n\n\n\n<p>Weitere Informationen finden Sie <a href=\"https:\/\/www.hsu-hh.de\/vw\/wp-content\/uploads\/sites\/685\/2022\/03\/WSI_Magazin_Werbeflyer-1-22.pdf\" target=\"_blank\" rel=\"noreferrer noopener\">hier<\/a>.<\/p>\n","protected":false},"excerpt":{"rendered":"<p>Reformen des Sozialstaats, ihre Voraussetzungen und Wirkungen sind ein vielfach diskutiertes Thema. Relativwenig Beachtung findet dabei die Frage, welche und wessen Interessen im sozialpolitischen Reformdiskurs\u00fcberhaupt geh\u00f6rt werden und sich Geltung [&hellip;]<\/p>\n","protected":false},"author":95,"featured_media":0,"comment_status":"closed","ping_status":"closed","sticky":false,"template":"","format":"standard","meta":{"footnotes":""},"categories":[38],"tags":[],"class_list":["post-2156","post","type-post","status-publish","format-standard","hentry","category-news"],"_links":{"self":[{"href":"https:\/\/www.hsu-hh.de\/vw\/wp-json\/wp\/v2\/posts\/2156","targetHints":{"allow":["GET"]}}],"collection":[{"href":"https:\/\/www.hsu-hh.de\/vw\/wp-json\/wp\/v2\/posts"}],"about":[{"href":"https:\/\/www.hsu-hh.de\/vw\/wp-json\/wp\/v2\/types\/post"}],"author":[{"embeddable":true,"href":"https:\/\/www.hsu-hh.de\/vw\/wp-json\/wp\/v2\/users\/95"}],"replies":[{"embeddable":true,"href":"https:\/\/www.hsu-hh.de\/vw\/wp-json\/wp\/v2\/comments?post=2156"}],"version-history":[{"count":1,"href":"https:\/\/www.hsu-hh.de\/vw\/wp-json\/wp\/v2\/posts\/2156\/revisions"}],"predecessor-version":[{"id":2158,"href":"https:\/\/www.hsu-hh.de\/vw\/wp-json\/wp\/v2\/posts\/2156\/revisions\/2158"}],"wp:attachment":[{"href":"https:\/\/www.hsu-hh.de\/vw\/wp-json\/wp\/v2\/media?parent=2156"}],"wp:term":[{"taxonomy":"category","embeddable":true,"href":"https:\/\/www.hsu-hh.de\/vw\/wp-json\/wp\/v2\/categories?post=2156"},{"taxonomy":"post_tag","embeddable":true,"href":"https:\/\/www.hsu-hh.de\/vw\/wp-json\/wp\/v2\/tags?post=2156"}],"curies":[{"name":"wp","href":"https:\/\/api.w.org\/{rel}","templated":true}]}}