{"id":877,"date":"2020-02-18T08:55:29","date_gmt":"2020-02-18T07:55:29","guid":{"rendered":"https:\/\/www.hsu-hh.de\/voelkerrecht\/?p=877"},"modified":"2020-02-18T08:58:24","modified_gmt":"2020-02-18T07:58:24","slug":"anhoerung-im-ausschuss-fuer-recht-und-verbraucherschutz-zur-aufnahme-der-sexuellen-identitaet-in-das-grundgesetz","status":"publish","type":"post","link":"https:\/\/www.hsu-hh.de\/voelkerrecht\/anhoerung-im-ausschuss-fuer-recht-und-verbraucherschutz-zur-aufnahme-der-sexuellen-identitaet-in-das-grundgesetz","title":{"rendered":"Anh\u00f6rung im Ausschuss f\u00fcr Recht und Verbraucherschutz zur Aufnahme der sexuellen Identit\u00e4t in das Grundgesetz"},"content":{"rendered":"<p>Anh\u00f6rung im Ausschuss f\u00fcr Recht und Verbraucherschutz\u00a0am Mittwoch, 12. Februar 2020. Die Vorlage sieht die Einf\u00fcgung des Merkmals der sexuellen Identit\u00e4t in Artikel 3 Absatz 3 Satz 1 des Grundgesetzes vor.<\/p>\n<p><a href=\"https:\/\/www.bundestag.de\/ausschuesse\/a06_Recht#url=L2Rva3VtZW50ZS90ZXh0YXJjaGl2LzIwMjAva3cwNy1wYS1yZWNodC1nZy02ODEyNjA=&amp;mod=mod539670\" rel='nofollow'>Mehr Informationen zur Anh\u00f6rung<\/a><\/p>\n<p><a href=\"https:\/\/www.bundestag.de\/resource\/blob\/682200\/633032dfa4c1f9cab225443ebd8f71db\/boysen-data.pdf\" rel='nofollow'>Link zu Stellungnahme<\/a><\/p>\n<p>&nbsp;<\/p>\n","protected":false},"excerpt":{"rendered":"<p>Anh\u00f6rung im Ausschuss f\u00fcr Recht und Verbraucherschutz\u00a0am Mittwoch, 12. Februar 2020. Die Vorlage sieht die Einf\u00fcgung des Merkmals der sexuellen Identit\u00e4t in Artikel 3 Absatz 3 Satz 1 des Grundgesetzes [&hellip;]<\/p>\n","protected":false},"author":136,"featured_media":0,"comment_status":"closed","ping_status":"closed","sticky":false,"template":"","format":"standard","meta":{"footnotes":""},"categories":[57],"tags":[],"class_list":["post-877","post","type-post","status-publish","format-standard","hentry","category-aktuelles"],"_links":{"self":[{"href":"https:\/\/www.hsu-hh.de\/voelkerrecht\/wp-json\/wp\/v2\/posts\/877","targetHints":{"allow":["GET"]}}],"collection":[{"href":"https:\/\/www.hsu-hh.de\/voelkerrecht\/wp-json\/wp\/v2\/posts"}],"about":[{"href":"https:\/\/www.hsu-hh.de\/voelkerrecht\/wp-json\/wp\/v2\/types\/post"}],"author":[{"embeddable":true,"href":"https:\/\/www.hsu-hh.de\/voelkerrecht\/wp-json\/wp\/v2\/users\/136"}],"replies":[{"embeddable":true,"href":"https:\/\/www.hsu-hh.de\/voelkerrecht\/wp-json\/wp\/v2\/comments?post=877"}],"version-history":[{"count":3,"href":"https:\/\/www.hsu-hh.de\/voelkerrecht\/wp-json\/wp\/v2\/posts\/877\/revisions"}],"predecessor-version":[{"id":880,"href":"https:\/\/www.hsu-hh.de\/voelkerrecht\/wp-json\/wp\/v2\/posts\/877\/revisions\/880"}],"wp:attachment":[{"href":"https:\/\/www.hsu-hh.de\/voelkerrecht\/wp-json\/wp\/v2\/media?parent=877"}],"wp:term":[{"taxonomy":"category","embeddable":true,"href":"https:\/\/www.hsu-hh.de\/voelkerrecht\/wp-json\/wp\/v2\/categories?post=877"},{"taxonomy":"post_tag","embeddable":true,"href":"https:\/\/www.hsu-hh.de\/voelkerrecht\/wp-json\/wp\/v2\/tags?post=877"}],"curies":[{"name":"wp","href":"https:\/\/api.w.org\/{rel}","templated":true}]}}