{"id":829,"date":"2019-05-07T11:57:19","date_gmt":"2019-05-07T09:57:19","guid":{"rendered":"https:\/\/www.hsu-hh.de\/arbeitsrecht\/?p=829"},"modified":"2019-05-07T12:00:28","modified_gmt":"2019-05-07T10:00:28","slug":"arbeitsrecht-im-dialog-vortrag-16-05-19","status":"publish","type":"post","link":"https:\/\/www.hsu-hh.de\/arbeitsrecht\/arbeitsrecht-im-dialog-vortrag-16-05-19","title":{"rendered":"&#8222;Arbeitsrecht im Dialog&#8220; &#8211; Vortrag am 16. Mai 2019 im Alten Rathaus von Hannover"},"content":{"rendered":"<p>Professor <abbr title=\"Doktor\">Dr.<\/abbr> Hans Hanau wird am Donnerstag, dem 16. Mai 2019, bei der Veranstaltungsreihe &#8222;Arbeitsrecht im Dialog&#8220; im Festsaal des Alten Rathauses in Hannover zum Thema &#8222;Sch\u00f6ne digitale Arbeitswelt? &#8211; Eine juristische Spekulation&#8220; vortragen. <!--more-->&#8222;Arbeitsrecht im Dialog&#8220; ist eine gemeinsame Veranstaltungsreihe der Leibniz Universit\u00e4t Hannover und der Arbeitsrechtskanzleien Laborius sowie Br\u00fcggehagen + Kramer. Die Moderation der Veranstaltung, die au\u00dferdem einen Vortrag von Professor <abbr title=\"Doktor\">Dr.<\/abbr> Thomas Raab (Universit\u00e4t Trier) bereith\u00e4lt, wird durchgef\u00fchrt von Prof. <abbr title=\"Doktor\">Dr.<\/abbr> Roland Schwarze und Prof. <abbr title=\"Doktor\">Dr.<\/abbr> Felipe Temming (beide Leibniz Universit\u00e4t Hannover).<\/p>\n<p>Die Einladung und das Programm zur Veranstaltung finden Sie hier:<\/p>\n<p>&nbsp;<\/p>\n<div class=\"col-xs-12 downloads-item\">\n<div class=\"row border-line\">\n<div class=\"thumbnail-area\"><img decoding=\"async\" class=\"download-image\" src=\"\/wp-content\/themes\/hsu\/img\/dummy\/downloads_dummy.png\" alt=\"\" \/><\/div>\n<div class=\"text-area\"><span class=\"download-text\">Einladung &#8222;Arbeitsrecht im Dialog&#8220; am 16.05.2019<\/span><\/div>\n<div class=\"download-area\"><a class=\"download-link\" href=\"https:\/\/www.hsu-hh.de\/arbeitsrecht\/wp-content\/uploads\/sites\/723\/2019\/05\/Arbeitsrecht-im-Dialog-16.05.2019.pdf\"><span class=\"download-name\">pdf laden<\/span><span class=\"donwload-icon\"><img decoding=\"async\" class=\"download-icon\" src=\"\/wp-content\/themes\/hsu\/img\/icons\/download_icon.png\" alt=\"download icon\" \/><\/span><span class=\"download-size\">218 KB<\/span><\/a><\/div>\n<\/div>\n<\/div>\n<p>&nbsp;<\/p>\n","protected":false},"excerpt":{"rendered":"<p>Professor Dr. Hans Hanau wird am Donnerstag, dem 16. Mai 2019, bei der Veranstaltungsreihe &#8222;Arbeitsrecht im Dialog&#8220; im Festsaal des Alten Rathauses in Hannover zum Thema &#8222;Sch\u00f6ne digitale Arbeitswelt? &#8211; [&hellip;]<\/p>\n","protected":false},"author":1016,"featured_media":832,"comment_status":"closed","ping_status":"closed","sticky":false,"template":"","format":"standard","meta":{"footnotes":""},"categories":[148,92,4],"tags":[],"class_list":["post-829","post","type-post","status-publish","format-standard","has-post-thumbnail","hentry","category-alle-beitraege-start","category-news","category-start"],"_links":{"self":[{"href":"https:\/\/www.hsu-hh.de\/arbeitsrecht\/wp-json\/wp\/v2\/posts\/829","targetHints":{"allow":["GET"]}}],"collection":[{"href":"https:\/\/www.hsu-hh.de\/arbeitsrecht\/wp-json\/wp\/v2\/posts"}],"about":[{"href":"https:\/\/www.hsu-hh.de\/arbeitsrecht\/wp-json\/wp\/v2\/types\/post"}],"author":[{"embeddable":true,"href":"https:\/\/www.hsu-hh.de\/arbeitsrecht\/wp-json\/wp\/v2\/users\/1016"}],"replies":[{"embeddable":true,"href":"https:\/\/www.hsu-hh.de\/arbeitsrecht\/wp-json\/wp\/v2\/comments?post=829"}],"version-history":[{"count":4,"href":"https:\/\/www.hsu-hh.de\/arbeitsrecht\/wp-json\/wp\/v2\/posts\/829\/revisions"}],"predecessor-version":[{"id":835,"href":"https:\/\/www.hsu-hh.de\/arbeitsrecht\/wp-json\/wp\/v2\/posts\/829\/revisions\/835"}],"wp:featuredmedia":[{"embeddable":true,"href":"https:\/\/www.hsu-hh.de\/arbeitsrecht\/wp-json\/wp\/v2\/media\/832"}],"wp:attachment":[{"href":"https:\/\/www.hsu-hh.de\/arbeitsrecht\/wp-json\/wp\/v2\/media?parent=829"}],"wp:term":[{"taxonomy":"category","embeddable":true,"href":"https:\/\/www.hsu-hh.de\/arbeitsrecht\/wp-json\/wp\/v2\/categories?post=829"},{"taxonomy":"post_tag","embeddable":true,"href":"https:\/\/www.hsu-hh.de\/arbeitsrecht\/wp-json\/wp\/v2\/tags?post=829"}],"curies":[{"name":"wp","href":"https:\/\/api.w.org\/{rel}","templated":true}]}}