{"id":1446,"date":"2021-08-26T10:37:45","date_gmt":"2021-08-26T08:37:45","guid":{"rendered":"https:\/\/www.hsu-hh.de\/arbeitsrecht\/?p=1446"},"modified":"2021-08-26T11:25:37","modified_gmt":"2021-08-26T09:25:37","slug":"darbgv_100_jahre_betriebsverfassung","status":"publish","type":"post","link":"https:\/\/www.hsu-hh.de\/arbeitsrecht\/darbgv_100_jahre_betriebsverfassung","title":{"rendered":"Betriebsverfassung gestern, heute, morgen \u2013 Ortstagung des Deutschen Arbeitsgerichtsverbands"},"content":{"rendered":"\n<p>Am&nbsp;13. August 2021&nbsp;lud der Deutsche Arbeitsgerichtsverband zur <a rel=\"noreferrer noopener\" href=\"https:\/\/www.arbeitsgerichtsverband.de\/aktuelles\/ot-hamburg-2021\" target=\"_blank\">Festveranstaltung zum 100-j\u00e4hrigen Geburtstag der Betriebsverfassung im Jahr 2020<\/a> ein. Bei der Ortstagung, die an der Bucerius Law School in Hamburg stattfand, wurde von namhaften Wissenschaftlern nicht nur ein Blick auf die 100-j\u00e4hrige Vergangenheit der Betriebsverfassung geworfen, sondern auch die weitere Bestandsf\u00e4higkeit der betrieblichen Mitbestimmung analysiert. <\/p>\n\n\n\n<!--more-->\n\n\n\n<p>Professor Dr. Hans Hanau moderierte bei der Veranstaltung die interdisziplin\u00e4ren Vortr\u00e4ge und die sich anschlie\u00dfende Podiumsdiskussion mit Prof. Dr. Ludger Pries (Ruhr-Universit\u00e4t Bochum) und Dr. Oliver Stettes (Institut der Deutschen Wirtschaft, K\u00f6ln) zum Thema &#8222;Betriebsverfassung als gesellschaftlicher und wirtschaftlicher Faktor&#8220;.<\/p>\n\n\n\n<figure class=\"wp-block-image size-large is-style-rounded\"><img loading=\"lazy\" decoding=\"async\" width=\"1024\" height=\"683\" src=\"https:\/\/www.hsu-hh.de\/arbeitsrecht\/wp-content\/uploads\/sites\/723\/2021\/08\/DArbGV1-1024x683.jpg\" data-credit=\"DArbGV\" alt=\"DArbGV\" class=\"wp-image-1448\" srcset=\"https:\/\/www.hsu-hh.de\/arbeitsrecht\/wp-content\/uploads\/sites\/723\/2021\/08\/DArbGV1-1024x683.jpg 1024w, https:\/\/www.hsu-hh.de\/arbeitsrecht\/wp-content\/uploads\/sites\/723\/2021\/08\/DArbGV1-300x200.jpg 300w, https:\/\/www.hsu-hh.de\/arbeitsrecht\/wp-content\/uploads\/sites\/723\/2021\/08\/DArbGV1-768x512.jpg 768w, https:\/\/www.hsu-hh.de\/arbeitsrecht\/wp-content\/uploads\/sites\/723\/2021\/08\/DArbGV1.jpg 1086w\" sizes=\"auto, (max-width: 1024px) 100vw, 1024px\" \/><\/figure>\n\n\n\n<p><\/p>\n","protected":false},"excerpt":{"rendered":"<p>Am&nbsp;13. August 2021&nbsp;lud der Deutsche Arbeitsgerichtsverband zur Festveranstaltung zum 100-j\u00e4hrigen Geburtstag der Betriebsverfassung im Jahr 2020 ein. Bei der Ortstagung, die an der Bucerius Law School in Hamburg stattfand, wurde [&hellip;]<\/p>\n","protected":false},"author":1016,"featured_media":1447,"comment_status":"closed","ping_status":"closed","sticky":false,"template":"","format":"standard","meta":{"footnotes":""},"categories":[148,92,4],"tags":[],"class_list":["post-1446","post","type-post","status-publish","format-standard","has-post-thumbnail","hentry","category-alle-beitraege-start","category-news","category-start"],"_links":{"self":[{"href":"https:\/\/www.hsu-hh.de\/arbeitsrecht\/wp-json\/wp\/v2\/posts\/1446","targetHints":{"allow":["GET"]}}],"collection":[{"href":"https:\/\/www.hsu-hh.de\/arbeitsrecht\/wp-json\/wp\/v2\/posts"}],"about":[{"href":"https:\/\/www.hsu-hh.de\/arbeitsrecht\/wp-json\/wp\/v2\/types\/post"}],"author":[{"embeddable":true,"href":"https:\/\/www.hsu-hh.de\/arbeitsrecht\/wp-json\/wp\/v2\/users\/1016"}],"replies":[{"embeddable":true,"href":"https:\/\/www.hsu-hh.de\/arbeitsrecht\/wp-json\/wp\/v2\/comments?post=1446"}],"version-history":[{"count":4,"href":"https:\/\/www.hsu-hh.de\/arbeitsrecht\/wp-json\/wp\/v2\/posts\/1446\/revisions"}],"predecessor-version":[{"id":1453,"href":"https:\/\/www.hsu-hh.de\/arbeitsrecht\/wp-json\/wp\/v2\/posts\/1446\/revisions\/1453"}],"wp:featuredmedia":[{"embeddable":true,"href":"https:\/\/www.hsu-hh.de\/arbeitsrecht\/wp-json\/wp\/v2\/media\/1447"}],"wp:attachment":[{"href":"https:\/\/www.hsu-hh.de\/arbeitsrecht\/wp-json\/wp\/v2\/media?parent=1446"}],"wp:term":[{"taxonomy":"category","embeddable":true,"href":"https:\/\/www.hsu-hh.de\/arbeitsrecht\/wp-json\/wp\/v2\/categories?post=1446"},{"taxonomy":"post_tag","embeddable":true,"href":"https:\/\/www.hsu-hh.de\/arbeitsrecht\/wp-json\/wp\/v2\/tags?post=1446"}],"curies":[{"name":"wp","href":"https:\/\/api.w.org\/{rel}","templated":true}]}}