{"id":1003,"date":"2020-02-12T12:17:36","date_gmt":"2020-02-12T11:17:36","guid":{"rendered":"https:\/\/www.hsu-hh.de\/arbeitsrecht\/?p=1003"},"modified":"2020-03-05T11:34:38","modified_gmt":"2020-03-05T10:34:38","slug":"mindestlohn-fuer-millionaere-vortrag-von-univ-prof-dr-wolfgang-brodil-zu-tarifvertraegen-im-profifussball-2-maerz-2020","status":"publish","type":"post","link":"https:\/\/www.hsu-hh.de\/arbeitsrecht\/mindestlohn-fuer-millionaere-vortrag-von-univ-prof-dr-wolfgang-brodil-zu-tarifvertraegen-im-profifussball-2-maerz-2020","title":{"rendered":"++ENTF\u00c4LLT!++ &#8222;Mindestlohn f\u00fcr Million\u00e4re?&#8220; Vortrag von Prof. Dr. Wolfgang Brodil zu Tarifvertr\u00e4gen im Profifu\u00dfball (2. M\u00e4rz 2020, 16 Uhr)"},"content":{"rendered":"<p style=\"text-align: left\"><strong>+++ ENTF\u00c4LLT LEIDER! +++<\/strong><\/p>\n<p><em>Der Vortrag kann nicht wie geplant am 2. M\u00e4rz 2020 stattfinden. Ein Ersatztermin wird zeitnah bekanntgegeben!<\/em><\/p>\n<p>&nbsp;<\/p>\n<p style=\"text-align: left\">Der Vortrag von Wolfgang Brodil wird spannende Einblicke in das Recht \u00f6sterreichischer Berufsfu\u00dfballer gew\u00e4hren und soll gleichzeitig auch zur Diskussion dar\u00fcber anregen, inwiefern deutsche Fu\u00dfball-Profis k\u00fcnftig Kollektivvertr\u00e4gen unterfallen k\u00f6nnten.<\/p>\n<p><!--more--><\/p>\n<p style=\"text-align: left\"><abbr title=\"Magister\">Mag.<\/abbr> <abbr title=\"Doktor\">Dr.<\/abbr> Wolfgang Brodil ist Professor f\u00fcr Arbeits- und Sozialrecht an der Universit\u00e4t Wien. Als Leiter der dortigen Forschungsstelle Sportrecht und langj\u00e4hriges Mitglied des Senates 2 der \u00d6sterreichischen Fu\u00dfball-Bundesliga ist er ausgewiesener Experte im Sportrecht.<\/p>\n<p>Der Vortrag erfolgt auf Einladung von <abbr title=\"Universit\u00e4tsprofessor\">Univ.-Prof.<\/abbr> <abbr title=\"Doktor\">Dr.<\/abbr> Hans Hanau und <abbr title=\"Diplom-Jurist\">Dipl.-Jur.<\/abbr> Andreas Z\u00f6llner und f\u00fchrt die Kooperation der Professur mit dem Institut f\u00fcr Arbeits- und Sozialrecht der Universit\u00e4t Wien fort.<\/p>\n<p>&nbsp;<\/p>\n<p><a href=\"https:\/\/www.hsu-hh.de\/arbeitsrecht\/wp-content\/uploads\/sites\/723\/2020\/02\/Plakat_Gastvortrag_Wolfgang-Brodil-scaled.jpg\"><img loading=\"lazy\" decoding=\"async\" class=\"aligncenter wp-image-1005 size-large\" src=\"https:\/\/www.hsu-hh.de\/arbeitsrecht\/wp-content\/uploads\/sites\/723\/2020\/02\/Plakat_Gastvortrag_Wolfgang-Brodil-724x1024.jpg\" alt=\"Plakat Brodil\" width=\"724\" height=\"1024\" data-credit=\"HSU\" srcset=\"https:\/\/www.hsu-hh.de\/arbeitsrecht\/wp-content\/uploads\/sites\/723\/2020\/02\/Plakat_Gastvortrag_Wolfgang-Brodil-724x1024.jpg 724w, https:\/\/www.hsu-hh.de\/arbeitsrecht\/wp-content\/uploads\/sites\/723\/2020\/02\/Plakat_Gastvortrag_Wolfgang-Brodil-212x300.jpg 212w, https:\/\/www.hsu-hh.de\/arbeitsrecht\/wp-content\/uploads\/sites\/723\/2020\/02\/Plakat_Gastvortrag_Wolfgang-Brodil-768x1086.jpg 768w, https:\/\/www.hsu-hh.de\/arbeitsrecht\/wp-content\/uploads\/sites\/723\/2020\/02\/Plakat_Gastvortrag_Wolfgang-Brodil-1086x1536.jpg 1086w, https:\/\/www.hsu-hh.de\/arbeitsrecht\/wp-content\/uploads\/sites\/723\/2020\/02\/Plakat_Gastvortrag_Wolfgang-Brodil-1448x2048.jpg 1448w, https:\/\/www.hsu-hh.de\/arbeitsrecht\/wp-content\/uploads\/sites\/723\/2020\/02\/Plakat_Gastvortrag_Wolfgang-Brodil-scaled.jpg 1810w\" sizes=\"auto, (max-width: 724px) 100vw, 724px\" \/><\/a><\/p>\n","protected":false},"excerpt":{"rendered":"<p>+++ ENTF\u00c4LLT LEIDER! +++ Der Vortrag kann nicht wie geplant am 2. M\u00e4rz 2020 stattfinden. Ein Ersatztermin wird zeitnah bekanntgegeben! &nbsp; Der Vortrag von Wolfgang Brodil wird spannende Einblicke in [&hellip;]<\/p>\n","protected":false},"author":1016,"featured_media":1004,"comment_status":"closed","ping_status":"closed","sticky":false,"template":"","format":"standard","meta":{"footnotes":""},"categories":[148],"tags":[],"class_list":["post-1003","post","type-post","status-publish","format-standard","has-post-thumbnail","hentry","category-alle-beitraege-start"],"_links":{"self":[{"href":"https:\/\/www.hsu-hh.de\/arbeitsrecht\/wp-json\/wp\/v2\/posts\/1003","targetHints":{"allow":["GET"]}}],"collection":[{"href":"https:\/\/www.hsu-hh.de\/arbeitsrecht\/wp-json\/wp\/v2\/posts"}],"about":[{"href":"https:\/\/www.hsu-hh.de\/arbeitsrecht\/wp-json\/wp\/v2\/types\/post"}],"author":[{"embeddable":true,"href":"https:\/\/www.hsu-hh.de\/arbeitsrecht\/wp-json\/wp\/v2\/users\/1016"}],"replies":[{"embeddable":true,"href":"https:\/\/www.hsu-hh.de\/arbeitsrecht\/wp-json\/wp\/v2\/comments?post=1003"}],"version-history":[{"count":15,"href":"https:\/\/www.hsu-hh.de\/arbeitsrecht\/wp-json\/wp\/v2\/posts\/1003\/revisions"}],"predecessor-version":[{"id":1010,"href":"https:\/\/www.hsu-hh.de\/arbeitsrecht\/wp-json\/wp\/v2\/posts\/1003\/revisions\/1010"}],"wp:featuredmedia":[{"embeddable":true,"href":"https:\/\/www.hsu-hh.de\/arbeitsrecht\/wp-json\/wp\/v2\/media\/1004"}],"wp:attachment":[{"href":"https:\/\/www.hsu-hh.de\/arbeitsrecht\/wp-json\/wp\/v2\/media?parent=1003"}],"wp:term":[{"taxonomy":"category","embeddable":true,"href":"https:\/\/www.hsu-hh.de\/arbeitsrecht\/wp-json\/wp\/v2\/categories?post=1003"},{"taxonomy":"post_tag","embeddable":true,"href":"https:\/\/www.hsu-hh.de\/arbeitsrecht\/wp-json\/wp\/v2\/tags?post=1003"}],"curies":[{"name":"wp","href":"https:\/\/api.w.org\/{rel}","templated":true}]}}